{"id":872,"date":"2025-05-25T17:28:02","date_gmt":"2025-05-25T17:28:02","guid":{"rendered":"https:\/\/ahimsa-yogaschule.de\/?p=872"},"modified":"2025-05-25T17:28:59","modified_gmt":"2025-05-25T17:28:59","slug":"yogakurse-in-den-sommerferien","status":"publish","type":"post","link":"https:\/\/ahimsa-yogaschule.de\/?p=872","title":{"rendered":"Yogakurse in den Sommerferien"},"content":{"rendered":"\n<pre class=\"wp-block-preformatted\">Hallo, Ihr Lieben,<br><br>die Termine f\u00fcr die Sommerferien stehen fest! Daf\u00fcr lege ich in den n\u00e4chsten Wochen Listen aus, in die Ihr Euch verbindlich eintragen k\u00f6nnt.<br>F\u00fcr Eure Planung findet an folgenden Tagen in den Ferien die Yogakurse statt, wobei die 1. und letzte Woche ganz frei sind!<br><br>Montag, 21.07.2025, 18 UhrOnline, 19:15 Uhr live <br><br>Donnerstag, 24.07.2025, 10 Uhr, 17:30 Uhr und 19:15 Uhr<br><br>Dienstag, 29.07.2025, 17 Uhrund 18:45 Uhr<br><br>Freitag, 01.08.2025, 10 Uhr, 16 Uhr und 18 Uhr<br><br>Montag, 04.08.2025, 18 Uhr Online, 19:15 Uhr live <br><br>Donnerstag, 07.08.2025, 10 Uhr, 17:30 Uhr und 19:15 Uhr<br><br>Dienstag, 12.08.2025, 17 Uhrund 18:45 Uhr<br><br>Freitag, 15.08.2025, 10 Uhr, 16 Uhr und 18 Uhr<br><br>Die Anmeldung ist verbindlich und die Mindestteilnehmerzahl liegt bei 3 Personen!!<br><br>Der aufmerksame Leser wird gemerkt haben, dass Donnerstags um 19:15 Uhr und Freitags 10 Uhr neue Kurse stattfinden, die mit unserem Umzug eingef\u00fchrt werden!!<br><br><br>Liebe Gr\u00fc\u00dfe,<br>Anni\ud83d\ude4f\ud83c\udffc<\/pre>\n","protected":false},"excerpt":{"rendered":"<p>Hallo, Ihr Lieben,die Termine f\u00fcr die Sommerferien stehen fest! Daf\u00fcr lege ich in den n\u00e4chsten Wochen Listen aus, in die Ihr Euch verbindlich eintragen k\u00f6nnt.F\u00fcr Eure Planung findet an folgenden Tagen in den Ferien die Yogakurse statt, wobei die 1. &hellip; <a href=\"https:\/\/ahimsa-yogaschule.de\/?p=872\">Weiterlesen <span class=\"meta-nav\">&rarr;<\/span><\/a><\/p>\n","protected":false},"author":1,"featured_media":0,"comment_status":"closed","ping_status":"open","sticky":false,"template":"","format":"standard","meta":{"footnotes":""},"categories":[8,3],"tags":[],"class_list":["post-872","post","type-post","status-publish","format-standard","hentry","category-neuigkeiten","category-yogakurs"],"_links":{"self":[{"href":"https:\/\/ahimsa-yogaschule.de\/index.php?rest_route=\/wp\/v2\/posts\/872","targetHints":{"allow":["GET"]}}],"collection":[{"href":"https:\/\/ahimsa-yogaschule.de\/index.php?rest_route=\/wp\/v2\/posts"}],"about":[{"href":"https:\/\/ahimsa-yogaschule.de\/index.php?rest_route=\/wp\/v2\/types\/post"}],"author":[{"embeddable":true,"href":"https:\/\/ahimsa-yogaschule.de\/index.php?rest_route=\/wp\/v2\/users\/1"}],"replies":[{"embeddable":true,"href":"https:\/\/ahimsa-yogaschule.de\/index.php?rest_route=%2Fwp%2Fv2%2Fcomments&post=872"}],"version-history":[{"count":1,"href":"https:\/\/ahimsa-yogaschule.de\/index.php?rest_route=\/wp\/v2\/posts\/872\/revisions"}],"predecessor-version":[{"id":873,"href":"https:\/\/ahimsa-yogaschule.de\/index.php?rest_route=\/wp\/v2\/posts\/872\/revisions\/873"}],"wp:attachment":[{"href":"https:\/\/ahimsa-yogaschule.de\/index.php?rest_route=%2Fwp%2Fv2%2Fmedia&parent=872"}],"wp:term":[{"taxonomy":"category","embeddable":true,"href":"https:\/\/ahimsa-yogaschule.de\/index.php?rest_route=%2Fwp%2Fv2%2Fcategories&post=872"},{"taxonomy":"post_tag","embeddable":true,"href":"https:\/\/ahimsa-yogaschule.de\/index.php?rest_route=%2Fwp%2Fv2%2Ftags&post=872"}],"curies":[{"name":"wp","href":"https:\/\/api.w.org\/{rel}","templated":true}]}}