{"id":874,"date":"2025-05-25T17:33:26","date_gmt":"2025-05-25T17:33:26","guid":{"rendered":"https:\/\/ahimsa-yogaschule.de\/?p=874"},"modified":"2025-05-25T17:33:26","modified_gmt":"2025-05-25T17:33:26","slug":"online-yoga-in-den-sommerferien","status":"publish","type":"post","link":"https:\/\/ahimsa-yogaschule.de\/?p=874","title":{"rendered":"Online-Yoga in den Sommerferien"},"content":{"rendered":"\n<pre class=\"wp-block-preformatted\">NEU!!NEU!!NEU!! In den Sommerferien <br><br>Hallo Ihr Lieben, <br><br>zus\u00e4tzlich zu den Ferienkursen kommt ein neues Angebot f\u00fcr die, die wegfahren und daher nicht teilnehmen k\u00f6nnen oder f\u00fcr die, die etwas mehr yogieren wollen!!<br><br>Ihr k\u00f6nnt in 2 Wochen an den Werktagen 10-15 Minuten Online Eure Yogapraxis intensivieren! <br>Bei Buchung bekommst Du jeden Tag einen Link, um jeden Tag eine andere Asana etwas intensiver zu erleben!<br><br>Die Links dazu werden im Zeitraum vom 14.07. bis einschlie\u00dflich 25.07.2025 vormittags bis 10 Uhr verschickt, Zugriff gibt es \u00fcber die gesamten 6 Wochen Sommerferien!<br><br>Die Buchung ist verbindlich und kostet 49 \u20ac.<br><br>Ich freue mich auf Deine Anmeldung!!<br><br>Liebe Gr\u00fc\u00dfe <br>Anni<br><\/pre>\n","protected":false},"excerpt":{"rendered":"<p>NEU!!NEU!!NEU!! In den Sommerferien Hallo Ihr Lieben, zus\u00e4tzlich zu den Ferienkursen kommt ein neues Angebot f\u00fcr die, die wegfahren und daher nicht teilnehmen k\u00f6nnen oder f\u00fcr die, die etwas mehr yogieren wollen!!Ihr k\u00f6nnt in 2 Wochen an den Werktagen 10-15 &hellip; <a href=\"https:\/\/ahimsa-yogaschule.de\/?p=874\">Weiterlesen <span class=\"meta-nav\">&rarr;<\/span><\/a><\/p>\n","protected":false},"author":1,"featured_media":0,"comment_status":"closed","ping_status":"open","sticky":false,"template":"","format":"standard","meta":{"footnotes":""},"categories":[8,3],"tags":[],"class_list":["post-874","post","type-post","status-publish","format-standard","hentry","category-neuigkeiten","category-yogakurs"],"_links":{"self":[{"href":"https:\/\/ahimsa-yogaschule.de\/index.php?rest_route=\/wp\/v2\/posts\/874","targetHints":{"allow":["GET"]}}],"collection":[{"href":"https:\/\/ahimsa-yogaschule.de\/index.php?rest_route=\/wp\/v2\/posts"}],"about":[{"href":"https:\/\/ahimsa-yogaschule.de\/index.php?rest_route=\/wp\/v2\/types\/post"}],"author":[{"embeddable":true,"href":"https:\/\/ahimsa-yogaschule.de\/index.php?rest_route=\/wp\/v2\/users\/1"}],"replies":[{"embeddable":true,"href":"https:\/\/ahimsa-yogaschule.de\/index.php?rest_route=%2Fwp%2Fv2%2Fcomments&post=874"}],"version-history":[{"count":1,"href":"https:\/\/ahimsa-yogaschule.de\/index.php?rest_route=\/wp\/v2\/posts\/874\/revisions"}],"predecessor-version":[{"id":875,"href":"https:\/\/ahimsa-yogaschule.de\/index.php?rest_route=\/wp\/v2\/posts\/874\/revisions\/875"}],"wp:attachment":[{"href":"https:\/\/ahimsa-yogaschule.de\/index.php?rest_route=%2Fwp%2Fv2%2Fmedia&parent=874"}],"wp:term":[{"taxonomy":"category","embeddable":true,"href":"https:\/\/ahimsa-yogaschule.de\/index.php?rest_route=%2Fwp%2Fv2%2Fcategories&post=874"},{"taxonomy":"post_tag","embeddable":true,"href":"https:\/\/ahimsa-yogaschule.de\/index.php?rest_route=%2Fwp%2Fv2%2Ftags&post=874"}],"curies":[{"name":"wp","href":"https:\/\/api.w.org\/{rel}","templated":true}]}}